{"id":1528,"date":"2019-01-31T08:51:02","date_gmt":"2019-01-31T08:51:02","guid":{"rendered":"\/\/research.unir.net\/ibmchair\/impacto-de-la-inteligencia-artificial-en-la-educacion-del-futuro-2\/"},"modified":"2019-01-31T09:02:08","modified_gmt":"2019-01-31T09:02:08","slug":"impacto-de-la-inteligencia-artificial-en-la-educacion-del-futuro","status":"publish","type":"post","link":"http:\/\/research.unir.net\/ibmchair\/impacto-de-la-inteligencia-artificial-en-la-educacion-del-futuro\/?lang=en","title":{"rendered":"Impact of the Artificial Intelligence in future education"},"content":{"rendered":"<p>UNIR has participated in the organization of the event \u2018<a href=\"https:\/\/www.aulafuturo.es\/index.php?id_product=27&amp;id_product_attribute=0&amp;rewrite=inteligencia-artificial-en-la-educacion-del-futuro&amp;controller=product\" target=\"_blank\">Artificial Intelligence In Future Education<\/a>\u2019, which is framed under <a href=\"\/\/research.unir.net\/blog\/ibm-y-unir-crean-una-catedra-sobre-el-analisis-de-datos-en-la-educacion\/?lang=es\" target=\"_blank\">IBM-UNIR Chair on Data Science in Education<\/a> and its <a href=\"\/\/research.unir.net\/ibmchair\/proyecto-ramon-y-cajal\/?lang=en\" target=\"_blank\">collaboration with Ramon y Cajal Schools<\/a>. The session will take place on 28th March in Madrid, and Dr. Pablo Moreno, Chair Director, will participate as a speaker, analysing the impact of the artificial intelligence in future education.<\/p>\n<p>Durante el acto, expertos en diferentes campos analizar\u00e1n el impacto de la Inteligencia Artificial en la educaci\u00f3n, y concluir\u00e1 con una mesa redonda que tratar\u00e1 temas sobre digitalizaci\u00f3n y emociones.<\/p>\n<p><a href=\"\/\/research.unir.net\/ibmchair\/wp-content\/uploads\/sites\/80\/2019\/01\/imagen1.png\"><img loading=\"lazy\" class=\"alignnone size-medium wp-image-1510\" src=\"\/\/research.unir.net\/ibmchair\/wp-content\/uploads\/sites\/80\/2019\/01\/imagen1-300x201.png\" alt=\"imagen1\" width=\"300\" height=\"201\" srcset=\"\/\/research.unir.net\/ibmchair\/wp-content\/uploads\/sites\/80\/2019\/01\/imagen1-300x201.png 300w, \/\/research.unir.net\/ibmchair\/wp-content\/uploads\/sites\/80\/2019\/01\/imagen1.png 515w\" sizes=\"(max-width: 300px) 100vw, 300px\" \/><\/a><\/p>\n<p>El evento se celebra como parte de las actividades contempladas dentro de la colaboraci\u00f3n de la C\u00e1tedra IBM-UNIR con los <a href=\"https:\/\/www.colegiosramonycajal.es\/\" target=\"_blank\">Colegios Ram\u00f3n y Cajal<\/a>. Dicha colaboraci\u00f3n se basa en la premisa de que la aplicaci\u00f3n de la ciencia de los datos a las aulas ayuda a mejorar sustancialmente la calidad de la educaci\u00f3n. Por ello, el principal objetivo consiste en la promoci\u00f3n de t\u00e9cnicas de an\u00e1lisis y visualizaci\u00f3n de datos en la formaci\u00f3n de los alumnos, para as\u00ed mejorar los procesos de apoyo.<\/p>\n","protected":false},"excerpt":{"rendered":"<p>UNIR has participated in the organization of the event \u2018Artificial Intelligence In Future Education\u2019, which is framed under IBM-UNIR Chair on Data Science in Education and its collaboration with Ramon y Cajal Schools. The session will take place on 28th March in Madrid, and Dr. Pablo Moreno, Chair Director, will participate as a speaker, analysing [&hellip;]<\/p>\n","protected":false},"author":429,"featured_media":1513,"comment_status":"open","ping_status":"open","sticky":false,"template":"","format":"standard","meta":[],"categories":[48,16],"tags":[103,106,109,100],"_links":{"self":[{"href":"http:\/\/research.unir.net\/ibmchair\/wp-json\/wp\/v2\/posts\/1528"}],"collection":[{"href":"http:\/\/research.unir.net\/ibmchair\/wp-json\/wp\/v2\/posts"}],"about":[{"href":"http:\/\/research.unir.net\/ibmchair\/wp-json\/wp\/v2\/types\/post"}],"author":[{"embeddable":true,"href":"http:\/\/research.unir.net\/ibmchair\/wp-json\/wp\/v2\/users\/429"}],"replies":[{"embeddable":true,"href":"http:\/\/research.unir.net\/ibmchair\/wp-json\/wp\/v2\/comments?post=1528"}],"version-history":[{"count":2,"href":"http:\/\/research.unir.net\/ibmchair\/wp-json\/wp\/v2\/posts\/1528\/revisions"}],"predecessor-version":[{"id":1534,"href":"http:\/\/research.unir.net\/ibmchair\/wp-json\/wp\/v2\/posts\/1528\/revisions\/1534"}],"wp:featuredmedia":[{"embeddable":true,"href":"http:\/\/research.unir.net\/ibmchair\/wp-json\/wp\/v2\/media\/1513"}],"wp:attachment":[{"href":"http:\/\/research.unir.net\/ibmchair\/wp-json\/wp\/v2\/media?parent=1528"}],"wp:term":[{"taxonomy":"category","embeddable":true,"href":"http:\/\/research.unir.net\/ibmchair\/wp-json\/wp\/v2\/categories?post=1528"},{"taxonomy":"post_tag","embeddable":true,"href":"http:\/\/research.unir.net\/ibmchair\/wp-json\/wp\/v2\/tags?post=1528"}],"curies":[{"name":"wp","href":"https:\/\/api.w.org\/{rel}","templated":true}]}}